{"id":264,"date":"2026-05-01T08:53:41","date_gmt":"2026-05-01T06:53:41","guid":{"rendered":"https:\/\/szam.pl\/?p=264"},"modified":"2026-05-01T08:53:41","modified_gmt":"2026-05-01T06:53:41","slug":"1995-miss-nastolatka","status":"publish","type":"post","link":"https:\/\/szam.pl\/?p=264","title":{"rendered":"1995 Miss Nastolatka"},"content":{"rendered":"<div id=\"attachment_265\" style=\"width: 150px\" class=\"wp-caption alignleft\"><a href=\"https:\/\/szam.pl\/wp-content\/uploads\/2026\/05\/Roman-Jagielinski-Miss-Nastolatka.jpg\"><img loading=\"lazy\" decoding=\"async\" aria-describedby=\"caption-attachment-265\" class=\"size-thumbnail wp-image-265\" src=\"https:\/\/szam.pl\/wp-content\/uploads\/2026\/05\/Roman-Jagielinski-Miss-Nastolatka-150x150.jpg\" alt=\"Miss Nastolatka 1994, 1995\" width=\"150\" height=\"150\" srcset=\"https:\/\/szam.pl\/wp-content\/uploads\/2026\/05\/Roman-Jagielinski-Miss-Nastolatka-150x150.jpg 150w, https:\/\/szam.pl\/wp-content\/uploads\/2026\/05\/Roman-Jagielinski-Miss-Nastolatka-300x300.jpg 300w, https:\/\/szam.pl\/wp-content\/uploads\/2026\/05\/Roman-Jagielinski-Miss-Nastolatka-768x768.jpg 768w, https:\/\/szam.pl\/wp-content\/uploads\/2026\/05\/Roman-Jagielinski-Miss-Nastolatka-750x750.jpg 750w, https:\/\/szam.pl\/wp-content\/uploads\/2026\/05\/Roman-Jagielinski-Miss-Nastolatka.jpg 1024w\" sizes=\"auto, (max-width: 150px) 100vw, 150px\" \/><\/a><p id=\"caption-attachment-265\" class=\"wp-caption-text\">Miss Nastolatka 1994, 1995<\/p><\/div>\n<p><span style=\"font-family: arial, helvetica, sans-serif;\">Zamek Kr\u00f3lewski Warszawa Stycze\u0144 1996 roku<\/span><br \/>\n<span style=\"font-family: arial, helvetica, sans-serif;\">Wr\u0119czenie wyr\u00f3\u017cnie\u0144 &#8211; Polski Klub Biznesu<\/span><\/p>\n<p><strong><span style=\"font-family: arial, helvetica, sans-serif;\">Miss Nastolatka 1994 Monika Wiadrowska<\/span><\/strong><br \/>\n<strong><span style=\"font-family: arial, helvetica, sans-serif;\">Miss Nastolatka 1995 Agnieszka Go\u0142\u0105biewska<\/span><\/strong><br \/>\n<strong><span style=\"font-family: arial, helvetica, sans-serif;\">Wiceprezes Rady Ministr\u00f3w Roman Jagieli\u0144ski<\/span><\/strong><\/p>\n<p><em><span style=\"font-family: arial, helvetica, sans-serif;\">autor zdj\u0119cia &#8211; archiwum prywatne Jerzy Szam<\/span><\/em><\/p>\n","protected":false},"excerpt":{"rendered":"<p>Zamek Kr\u00f3lewski Warszawa Stycze\u0144 1996 roku Wr\u0119czenie wyr\u00f3\u017cnie\u0144 &#8211; Polski Klub Biznesu Miss Nastolatka 1994 Monika Wiadrowska Miss Nastolatka 1995 Agnieszka Go\u0142\u0105biewska Wiceprezes Rady Ministr\u00f3w Roman Jagieli\u0144ski autor zdj\u0119cia &#8211; archiwum prywatne Jerzy Szam<\/p>\n","protected":false},"author":1,"featured_media":0,"comment_status":"closed","ping_status":"closed","sticky":false,"template":"","format":"standard","meta":{"footnotes":""},"categories":[34],"tags":[25,24],"class_list":["post-264","post","type-post","status-publish","format-standard","hentry","category-nastolatka","tag-25","tag-24","item-wrap"],"_links":{"self":[{"href":"https:\/\/szam.pl\/index.php?rest_route=\/wp\/v2\/posts\/264","targetHints":{"allow":["GET"]}}],"collection":[{"href":"https:\/\/szam.pl\/index.php?rest_route=\/wp\/v2\/posts"}],"about":[{"href":"https:\/\/szam.pl\/index.php?rest_route=\/wp\/v2\/types\/post"}],"author":[{"embeddable":true,"href":"https:\/\/szam.pl\/index.php?rest_route=\/wp\/v2\/users\/1"}],"replies":[{"embeddable":true,"href":"https:\/\/szam.pl\/index.php?rest_route=%2Fwp%2Fv2%2Fcomments&post=264"}],"version-history":[{"count":1,"href":"https:\/\/szam.pl\/index.php?rest_route=\/wp\/v2\/posts\/264\/revisions"}],"predecessor-version":[{"id":266,"href":"https:\/\/szam.pl\/index.php?rest_route=\/wp\/v2\/posts\/264\/revisions\/266"}],"wp:attachment":[{"href":"https:\/\/szam.pl\/index.php?rest_route=%2Fwp%2Fv2%2Fmedia&parent=264"}],"wp:term":[{"taxonomy":"category","embeddable":true,"href":"https:\/\/szam.pl\/index.php?rest_route=%2Fwp%2Fv2%2Fcategories&post=264"},{"taxonomy":"post_tag","embeddable":true,"href":"https:\/\/szam.pl\/index.php?rest_route=%2Fwp%2Fv2%2Ftags&post=264"}],"curies":[{"name":"wp","href":"https:\/\/api.w.org\/{rel}","templated":true}]}}